{"id":491,"date":"2023-01-20T09:06:59","date_gmt":"2023-01-20T08:06:59","guid":{"rendered":"https:\/\/www.lonehalkjaer.dk\/?p=491"},"modified":"2023-04-22T10:36:14","modified_gmt":"2023-04-22T09:36:14","slug":"feen-ibilil-faar-en-ny-ven","status":"publish","type":"post","link":"http:\/\/www.lonehalkjaer.dk\/?p=491","title":{"rendered":"Feen Ibilil f\u00e5r en ny ven"},"content":{"rendered":"\n<p>Feen Ibilil er en h\u00f8jtl\u00e6sningsbog med smukke illustrationer lavet af <a href=\"https:\/\/www.instagram.com\/kamillaheinzeillustration\/\">Kamilla Heinze<\/a>.<\/p>\n\n\n\n<p>Bogen er p\u00e5 40 sider og kan k\u00f8bes hos <a href=\"https:\/\/byensforlag.dk\/shop\/feen-ibilil-far-en-ny-ven\/\">Byens forlag<\/a>, <a href=\"https:\/\/www.saxo.com\/dk\/feen-ibilil-faar-en-ny-ven_bog_9788794327688\">Saxo<\/a> og andre online boghandler og kan selvf\u00f8lgelig bestilles hjem hos din lokale boghandler. <\/p>\n\n\n\n<p>Bogblogger <a href=\"https:\/\/www.instagram.com\/fantastiske_fantasi\/\">@Fantastiske_fantasi<\/a> skriver: Bogen lagde op til en rigtig god snak om hvordan man er en god ven. Og hvordan man lytter til hinanden. Venskaber g\u00e5r nemlig begge veje, og det er ikke kun vigtigt at have en ven, men ogs\u00e5 at man selv ved hvordan man er en god ven. Det er man fx ved at lytte.<br>Tak til forfatter\u00a0<a href=\"https:\/\/www.instagram.com\/forfatter_lone_halkjaer\/\">@forfatter_lone_halkjaer<\/a> for at skrive en bog, der lagde op til s\u00e5 god en snak mellem min 5 \u00e5rige og mig \u2764\ufe0f<br>Samtidig viser historien ogs\u00e5 at alle kan have brug for hj\u00e6lp. Ibilil er vant til at v\u00e6re den store der hj\u00e6lper, men nu blev hun den lille der havde brug for at der kom \u00e9n og hjalp hende, og det er helt helt okay \u2764\ufe0f \u2b50\u2b50\u2b50\u2b50\u2b50 Vi giver bogen 5 ud af 5 enhj\u00f8rninger \ud83e\udd84 <a href=\"https:\/\/www.instagram.com\/p\/Cl--fuxsP7E\/\">L\u00e6s hele anmeldelsen her<\/a><\/p>\n\n\n\n<p><\/p>\n\n\n\n<div class=\"wp-block-media-text alignwide is-stacked-on-mobile\" style=\"grid-template-columns:15% auto\"><figure class=\"wp-block-media-text__media\"><img loading=\"lazy\" decoding=\"async\" width=\"806\" height=\"1024\" src=\"https:\/\/www.lonehalkjaer.dk\/wp-content\/uploads\/2023\/01\/FeenIbiblilfaerennyven-806x1024.png\" alt=\"\" class=\"wp-image-492 size-full\" srcset=\"http:\/\/www.lonehalkjaer.dk\/wp-content\/uploads\/2023\/01\/FeenIbiblilfaerennyven-806x1024.png 806w, http:\/\/www.lonehalkjaer.dk\/wp-content\/uploads\/2023\/01\/FeenIbiblilfaerennyven-236x300.png 236w, http:\/\/www.lonehalkjaer.dk\/wp-content\/uploads\/2023\/01\/FeenIbiblilfaerennyven-118x150.png 118w, http:\/\/www.lonehalkjaer.dk\/wp-content\/uploads\/2023\/01\/FeenIbiblilfaerennyven-768x975.png 768w, http:\/\/www.lonehalkjaer.dk\/wp-content\/uploads\/2023\/01\/FeenIbiblilfaerennyven-47x60.png 47w, http:\/\/www.lonehalkjaer.dk\/wp-content\/uploads\/2023\/01\/FeenIbiblilfaerennyven.png 1140w\" sizes=\"auto, (max-width: 806px) 100vw, 806px\" \/><\/figure><div class=\"wp-block-media-text__content\">\n<p>Bagsidetekst: Feen Ibilil lever en stille tilv\u00e6relse inde i en stor skov, hvor hun passer p\u00e5 alle de mindste dyr. En stormvejrsdag bliver hun grebet af en kastevind og f\u00f8rt langt v\u00e6k hjemmefra.<\/p>\n\n\n\n<p>Ibilil er bange og forsl\u00e5et, da hun endelig slipper fri fra vinden. Landskabet er fremmed og ukendt, men heldigvis bliver hun m\u00f8dt med venlighed i form af enhj\u00f8rningen Fanur.<\/p>\n\n\n\n<p>Selvom Ibilil f\u00f8rst er bange for hans st\u00f8rrelse, opdager hun hurtigt, at Fanur b\u00e5de er s\u00f8d og hj\u00e6lpsom.<\/p>\n\n\n\n<p><em>Feen Ibilil f\u00e5r en ny ven<\/em>&nbsp;anbefales til h\u00f8jtl\u00e6sning for alders\u00adgruppen 3-7 \u00e5r.<\/p>\n<\/div><\/div>\n\n\n\n<p><\/p>\n","protected":false},"excerpt":{"rendered":"<p>Feen Ibilil er en h\u00f8jtl\u00e6sningsbog med smukke illustrationer lavet af Kamilla Heinze. Bogen er p\u00e5 40 sider og kan k\u00f8bes hos Byens forlag, Saxo og andre online boghandler og kan &hellip; <\/p>\n","protected":false},"author":2,"featured_media":0,"comment_status":"open","ping_status":"open","sticky":false,"template":"","format":"standard","meta":{"footnotes":""},"categories":[1],"tags":[],"class_list":["post-491","post","type-post","status-publish","format-standard","hentry","category-mellemtrinet","latest_post"],"_links":{"self":[{"href":"http:\/\/www.lonehalkjaer.dk\/index.php?rest_route=\/wp\/v2\/posts\/491","targetHints":{"allow":["GET"]}}],"collection":[{"href":"http:\/\/www.lonehalkjaer.dk\/index.php?rest_route=\/wp\/v2\/posts"}],"about":[{"href":"http:\/\/www.lonehalkjaer.dk\/index.php?rest_route=\/wp\/v2\/types\/post"}],"author":[{"embeddable":true,"href":"http:\/\/www.lonehalkjaer.dk\/index.php?rest_route=\/wp\/v2\/users\/2"}],"replies":[{"embeddable":true,"href":"http:\/\/www.lonehalkjaer.dk\/index.php?rest_route=%2Fwp%2Fv2%2Fcomments&post=491"}],"version-history":[{"count":4,"href":"http:\/\/www.lonehalkjaer.dk\/index.php?rest_route=\/wp\/v2\/posts\/491\/revisions"}],"predecessor-version":[{"id":543,"href":"http:\/\/www.lonehalkjaer.dk\/index.php?rest_route=\/wp\/v2\/posts\/491\/revisions\/543"}],"wp:attachment":[{"href":"http:\/\/www.lonehalkjaer.dk\/index.php?rest_route=%2Fwp%2Fv2%2Fmedia&parent=491"}],"wp:term":[{"taxonomy":"category","embeddable":true,"href":"http:\/\/www.lonehalkjaer.dk\/index.php?rest_route=%2Fwp%2Fv2%2Fcategories&post=491"},{"taxonomy":"post_tag","embeddable":true,"href":"http:\/\/www.lonehalkjaer.dk\/index.php?rest_route=%2Fwp%2Fv2%2Ftags&post=491"}],"curies":[{"name":"wp","href":"https:\/\/api.w.org\/{rel}","templated":true}]}}